{"id":1033,"date":"2023-12-14T15:12:39","date_gmt":"2023-12-14T14:12:39","guid":{"rendered":"https:\/\/www.studioalfa.info\/camilla-perseghin\/"},"modified":"2024-07-26T15:38:33","modified_gmt":"2024-07-26T13:38:33","slug":"camilla-perseghin","status":"publish","type":"post","link":"https:\/\/www.studioalfa.info\/de\/camilla-perseghin\/","title":{"rendered":"Camilla Perseghin"},"content":{"rendered":"<p>Camilla begann ihre T\u00e4tigkeit als Leiterin des B\u00fcros Affitta Presto Bolzano im Jahre 2016, Seit 2020 arbeitet sie bei Studio Alfa Bolzano s.r.l. als Immobilienmaklerin und ist f\u00fcr das Back- und Frontoffice zust\u00e4ndig, Im Januar 2022 wurde sie in den Landes-\/Regionalvorstand von Fiaip gew\u00e4hlt und ist die regional Delegierte f\u00fcr Innovation und Technologie. Als Verantwortliche f\u00fcr Mietvertr\u00e4ge k\u00fcmmert sie sich mit Sorgfalt und Gewissenhaftigkeit um die Liegenschaften unserer Kunden und ist im st\u00e4ndigen Kontakt mit Provinz und \u00f6ffentlicher Verwaltung.<\/p>\n<p>Sie k\u00fcmmert sich zudem um die Verwaltung und den Erhalt von n\u00fctzlichen Unterlagen f\u00fcr den Verkauf und unterst\u00fctzt damit unsere Techniker und Marco.<\/p>\n<p>Camilla ist diejenige, die Sie im B\u00fcro mit einem L\u00e4cheln und einem Kaffee empf\u00e4ngt und immer bereit ist, Anfragen per Telefon oder E-Mail zu beantworten.<\/p>\n<p>Sie ist unser frischer Wind und unsere Innovation, au\u00dferdem hat sie viel Geduld und ist es gewohnt, mit gro\u00dfem Stress umzugehen.<\/p>\n<p>Sie liebt das Wandern in den Bergen, Wellness und Segeln.<\/p>\n<ul>\n<li>Immobilienmaklerin, eingetragen in der Handelskammer Bozen, Sektion Handelsmakler in der Vermittlung seit 2018 REA: BZ-217435;<\/li>\n<li>Frontfrau f\u00fcr Vermietungen<\/li>\n<li>Verantwortlich f\u00fcr Sekretariat, Front Office, Werbung;<\/li>\n<li>Eingetragen bei Fiaip seit 2018<\/li>\n<li><a href=\"mailto:camilla@studioalfa.info\">camilla@studioalfa.info<\/a><\/li>\n<\/ul>\n","protected":false},"excerpt":{"rendered":"<p>Camilla begann ihre T\u00e4tigkeit als Leiterin des B\u00fcros Affitta Presto Bolzano im Jahre 2016, Seit 2020 arbeitet sie bei Studio Alfa Bolzano s.r.l. als Immobilienmaklerin und ist f\u00fcr das Back- und Frontoffice zust\u00e4ndig, Im Januar 2022 wurde sie in den Landes-\/Regionalvorstand von Fiaip gew\u00e4hlt und ist die regional Delegierte f\u00fcr Innovation und Technologie. Als Verantwortliche&#8230;<a href=\"https:\/\/www.studioalfa.info\/de\/camilla-perseghin\/\" class=\"epl-more-link\">Erfahren Sie mehr&rarr;<\/a><\/p>\n","protected":false},"author":1,"featured_media":1034,"comment_status":"closed","ping_status":"closed","sticky":false,"template":"","format":"standard","meta":{"_et_pb_use_builder":"","_et_pb_old_content":"","_et_gb_content_width":"","_joinchat":[],"footnotes":""},"categories":[1,41],"tags":[],"class_list":["post-1033","post","type-post","status-publish","format-standard","has-post-thumbnail","hentry","category-non-categorizzato","category-staff"],"yoast_head":"<!-- This site is optimized with the Yoast SEO plugin v24.5 - https:\/\/yoast.com\/wordpress\/plugins\/seo\/ -->\n<title>Camilla Perseghin - Studio Alfa<\/title>\n<meta name=\"robots\" content=\"index, follow, max-snippet:-1, max-image-preview:large, max-video-preview:-1\" \/>\n<link rel=\"canonical\" href=\"https:\/\/www.studioalfa.info\/de\/camilla-perseghin\/\" \/>\n<meta property=\"og:locale\" content=\"de_DE\" \/>\n<meta property=\"og:type\" content=\"article\" \/>\n<meta property=\"og:title\" content=\"Camilla Perseghin - Studio Alfa\" \/>\n<meta property=\"og:description\" content=\"Camilla begann ihre T\u00e4tigkeit als Leiterin des B\u00fcros Affitta Presto Bolzano im Jahre 2016, Seit 2020 arbeitet sie bei Studio Alfa Bolzano s.r.l. als Immobilienmaklerin und ist f\u00fcr das Back- und Frontoffice zust\u00e4ndig, Im Januar 2022 wurde sie in den Landes-\/Regionalvorstand von Fiaip gew\u00e4hlt und ist die regional Delegierte f\u00fcr Innovation und Technologie. Als Verantwortliche...Erfahren Sie mehr&rarr;\" \/>\n<meta property=\"og:url\" content=\"https:\/\/www.studioalfa.info\/de\/camilla-perseghin\/\" \/>\n<meta property=\"og:site_name\" content=\"Studio Alfa\" \/>\n<meta property=\"article:publisher\" content=\"https:\/\/www.facebook.com\/people\/Studio-Alfa-Bolzano-Srl\/100063686647634\/\" \/>\n<meta property=\"article:published_time\" content=\"2023-12-14T14:12:39+00:00\" \/>\n<meta property=\"article:modified_time\" content=\"2024-07-26T13:38:33+00:00\" \/>\n<meta property=\"og:image\" content=\"https:\/\/www.studioalfa.info\/wp-content\/uploads\/2023\/03\/Camilla-Custom.png\" \/>\n\t<meta property=\"og:image:width\" content=\"500\" \/>\n\t<meta property=\"og:image:height\" content=\"500\" \/>\n\t<meta property=\"og:image:type\" content=\"image\/png\" \/>\n<meta name=\"author\" content=\"wp-backend\" \/>\n<meta name=\"twitter:card\" content=\"summary_large_image\" \/>\n<meta name=\"twitter:label1\" content=\"Verfasst von\" \/>\n\t<meta name=\"twitter:data1\" content=\"wp-backend\" \/>\n\t<meta name=\"twitter:label2\" content=\"Gesch\u00e4tzte Lesezeit\" \/>\n\t<meta name=\"twitter:data2\" content=\"1\u00a0Minute\" \/>\n<script type=\"application\/ld+json\" class=\"yoast-schema-graph\">{\"@context\":\"https:\/\/schema.org\",\"@graph\":[{\"@type\":\"Article\",\"@id\":\"https:\/\/www.studioalfa.info\/de\/camilla-perseghin\/#article\",\"isPartOf\":{\"@id\":\"https:\/\/www.studioalfa.info\/de\/camilla-perseghin\/\"},\"author\":{\"name\":\"wp-backend\",\"@id\":\"https:\/\/www.studioalfa.info\/de\/#\/schema\/person\/6dc64db6a726ef41aa750f6efa547610\"},\"headline\":\"Camilla Perseghin\",\"datePublished\":\"2023-12-14T14:12:39+00:00\",\"dateModified\":\"2024-07-26T13:38:33+00:00\",\"mainEntityOfPage\":{\"@id\":\"https:\/\/www.studioalfa.info\/de\/camilla-perseghin\/\"},\"wordCount\":211,\"publisher\":{\"@id\":\"https:\/\/www.studioalfa.info\/de\/#organization\"},\"image\":{\"@id\":\"https:\/\/www.studioalfa.info\/de\/camilla-perseghin\/#primaryimage\"},\"thumbnailUrl\":\"https:\/\/www.studioalfa.info\/wp-content\/uploads\/2023\/03\/Camilla-Custom.png\",\"articleSection\":[\"Non categorizzato\",\"Staff\"],\"inLanguage\":\"de\"},{\"@type\":\"WebPage\",\"@id\":\"https:\/\/www.studioalfa.info\/de\/camilla-perseghin\/\",\"url\":\"https:\/\/www.studioalfa.info\/de\/camilla-perseghin\/\",\"name\":\"Camilla Perseghin - Studio Alfa\",\"isPartOf\":{\"@id\":\"https:\/\/www.studioalfa.info\/de\/#website\"},\"primaryImageOfPage\":{\"@id\":\"https:\/\/www.studioalfa.info\/de\/camilla-perseghin\/#primaryimage\"},\"image\":{\"@id\":\"https:\/\/www.studioalfa.info\/de\/camilla-perseghin\/#primaryimage\"},\"thumbnailUrl\":\"https:\/\/www.studioalfa.info\/wp-content\/uploads\/2023\/03\/Camilla-Custom.png\",\"datePublished\":\"2023-12-14T14:12:39+00:00\",\"dateModified\":\"2024-07-26T13:38:33+00:00\",\"breadcrumb\":{\"@id\":\"https:\/\/www.studioalfa.info\/de\/camilla-perseghin\/#breadcrumb\"},\"inLanguage\":\"de\",\"potentialAction\":[{\"@type\":\"ReadAction\",\"target\":[\"https:\/\/www.studioalfa.info\/de\/camilla-perseghin\/\"]}]},{\"@type\":\"ImageObject\",\"inLanguage\":\"de\",\"@id\":\"https:\/\/www.studioalfa.info\/de\/camilla-perseghin\/#primaryimage\",\"url\":\"https:\/\/www.studioalfa.info\/wp-content\/uploads\/2023\/03\/Camilla-Custom.png\",\"contentUrl\":\"https:\/\/www.studioalfa.info\/wp-content\/uploads\/2023\/03\/Camilla-Custom.png\",\"width\":500,\"height\":500},{\"@type\":\"BreadcrumbList\",\"@id\":\"https:\/\/www.studioalfa.info\/de\/camilla-perseghin\/#breadcrumb\",\"itemListElement\":[{\"@type\":\"ListItem\",\"position\":1,\"name\":\"Home\",\"item\":\"https:\/\/www.studioalfa.info\/de\/\"},{\"@type\":\"ListItem\",\"position\":2,\"name\":\"Camilla Perseghin\"}]},{\"@type\":\"WebSite\",\"@id\":\"https:\/\/www.studioalfa.info\/de\/#website\",\"url\":\"https:\/\/www.studioalfa.info\/de\/\",\"name\":\"STUDIO ALFA BOLZANO SRL\",\"description\":\"Agenzia immobiliare Bolzano\",\"publisher\":{\"@id\":\"https:\/\/www.studioalfa.info\/de\/#organization\"},\"potentialAction\":[{\"@type\":\"SearchAction\",\"target\":{\"@type\":\"EntryPoint\",\"urlTemplate\":\"https:\/\/www.studioalfa.info\/de\/?s={search_term_string}\"},\"query-input\":{\"@type\":\"PropertyValueSpecification\",\"valueRequired\":true,\"valueName\":\"search_term_string\"}}],\"inLanguage\":\"de\"},{\"@type\":\"Organization\",\"@id\":\"https:\/\/www.studioalfa.info\/de\/#organization\",\"name\":\"STUDIO ALFA BOLZANO SRL\",\"url\":\"https:\/\/www.studioalfa.info\/de\/\",\"logo\":{\"@type\":\"ImageObject\",\"inLanguage\":\"de\",\"@id\":\"https:\/\/www.studioalfa.info\/de\/#\/schema\/logo\/image\/\",\"url\":\"https:\/\/www.studioalfa.info\/wp-content\/uploads\/2023\/11\/logo_studio_alfa-1-removebg-preview-1.png\",\"contentUrl\":\"https:\/\/www.studioalfa.info\/wp-content\/uploads\/2023\/11\/logo_studio_alfa-1-removebg-preview-1.png\",\"width\":500,\"height\":500,\"caption\":\"STUDIO ALFA BOLZANO SRL\"},\"image\":{\"@id\":\"https:\/\/www.studioalfa.info\/de\/#\/schema\/logo\/image\/\"},\"sameAs\":[\"https:\/\/www.facebook.com\/people\/Studio-Alfa-Bolzano-Srl\/100063686647634\/\"]},{\"@type\":\"Person\",\"@id\":\"https:\/\/www.studioalfa.info\/de\/#\/schema\/person\/6dc64db6a726ef41aa750f6efa547610\",\"name\":\"wp-backend\",\"url\":\"https:\/\/www.studioalfa.info\/de\/author\/wp-backend\/\"}]}<\/script>\n<!-- \/ Yoast SEO plugin. -->","yoast_head_json":{"title":"Camilla Perseghin - Studio Alfa","robots":{"index":"index","follow":"follow","max-snippet":"max-snippet:-1","max-image-preview":"max-image-preview:large","max-video-preview":"max-video-preview:-1"},"canonical":"https:\/\/www.studioalfa.info\/de\/camilla-perseghin\/","og_locale":"de_DE","og_type":"article","og_title":"Camilla Perseghin - Studio Alfa","og_description":"Camilla begann ihre T\u00e4tigkeit als Leiterin des B\u00fcros Affitta Presto Bolzano im Jahre 2016, Seit 2020 arbeitet sie bei Studio Alfa Bolzano s.r.l. als Immobilienmaklerin und ist f\u00fcr das Back- und Frontoffice zust\u00e4ndig, Im Januar 2022 wurde sie in den Landes-\/Regionalvorstand von Fiaip gew\u00e4hlt und ist die regional Delegierte f\u00fcr Innovation und Technologie. Als Verantwortliche...Erfahren Sie mehr&rarr;","og_url":"https:\/\/www.studioalfa.info\/de\/camilla-perseghin\/","og_site_name":"Studio Alfa","article_publisher":"https:\/\/www.facebook.com\/people\/Studio-Alfa-Bolzano-Srl\/100063686647634\/","article_published_time":"2023-12-14T14:12:39+00:00","article_modified_time":"2024-07-26T13:38:33+00:00","og_image":[{"width":500,"height":500,"url":"https:\/\/www.studioalfa.info\/wp-content\/uploads\/2023\/03\/Camilla-Custom.png","type":"image\/png"}],"author":"wp-backend","twitter_card":"summary_large_image","twitter_misc":{"Verfasst von":"wp-backend","Gesch\u00e4tzte Lesezeit":"1\u00a0Minute"},"schema":{"@context":"https:\/\/schema.org","@graph":[{"@type":"Article","@id":"https:\/\/www.studioalfa.info\/de\/camilla-perseghin\/#article","isPartOf":{"@id":"https:\/\/www.studioalfa.info\/de\/camilla-perseghin\/"},"author":{"name":"wp-backend","@id":"https:\/\/www.studioalfa.info\/de\/#\/schema\/person\/6dc64db6a726ef41aa750f6efa547610"},"headline":"Camilla Perseghin","datePublished":"2023-12-14T14:12:39+00:00","dateModified":"2024-07-26T13:38:33+00:00","mainEntityOfPage":{"@id":"https:\/\/www.studioalfa.info\/de\/camilla-perseghin\/"},"wordCount":211,"publisher":{"@id":"https:\/\/www.studioalfa.info\/de\/#organization"},"image":{"@id":"https:\/\/www.studioalfa.info\/de\/camilla-perseghin\/#primaryimage"},"thumbnailUrl":"https:\/\/www.studioalfa.info\/wp-content\/uploads\/2023\/03\/Camilla-Custom.png","articleSection":["Non categorizzato","Staff"],"inLanguage":"de"},{"@type":"WebPage","@id":"https:\/\/www.studioalfa.info\/de\/camilla-perseghin\/","url":"https:\/\/www.studioalfa.info\/de\/camilla-perseghin\/","name":"Camilla Perseghin - Studio Alfa","isPartOf":{"@id":"https:\/\/www.studioalfa.info\/de\/#website"},"primaryImageOfPage":{"@id":"https:\/\/www.studioalfa.info\/de\/camilla-perseghin\/#primaryimage"},"image":{"@id":"https:\/\/www.studioalfa.info\/de\/camilla-perseghin\/#primaryimage"},"thumbnailUrl":"https:\/\/www.studioalfa.info\/wp-content\/uploads\/2023\/03\/Camilla-Custom.png","datePublished":"2023-12-14T14:12:39+00:00","dateModified":"2024-07-26T13:38:33+00:00","breadcrumb":{"@id":"https:\/\/www.studioalfa.info\/de\/camilla-perseghin\/#breadcrumb"},"inLanguage":"de","potentialAction":[{"@type":"ReadAction","target":["https:\/\/www.studioalfa.info\/de\/camilla-perseghin\/"]}]},{"@type":"ImageObject","inLanguage":"de","@id":"https:\/\/www.studioalfa.info\/de\/camilla-perseghin\/#primaryimage","url":"https:\/\/www.studioalfa.info\/wp-content\/uploads\/2023\/03\/Camilla-Custom.png","contentUrl":"https:\/\/www.studioalfa.info\/wp-content\/uploads\/2023\/03\/Camilla-Custom.png","width":500,"height":500},{"@type":"BreadcrumbList","@id":"https:\/\/www.studioalfa.info\/de\/camilla-perseghin\/#breadcrumb","itemListElement":[{"@type":"ListItem","position":1,"name":"Home","item":"https:\/\/www.studioalfa.info\/de\/"},{"@type":"ListItem","position":2,"name":"Camilla Perseghin"}]},{"@type":"WebSite","@id":"https:\/\/www.studioalfa.info\/de\/#website","url":"https:\/\/www.studioalfa.info\/de\/","name":"STUDIO ALFA BOLZANO SRL","description":"Agenzia immobiliare Bolzano","publisher":{"@id":"https:\/\/www.studioalfa.info\/de\/#organization"},"potentialAction":[{"@type":"SearchAction","target":{"@type":"EntryPoint","urlTemplate":"https:\/\/www.studioalfa.info\/de\/?s={search_term_string}"},"query-input":{"@type":"PropertyValueSpecification","valueRequired":true,"valueName":"search_term_string"}}],"inLanguage":"de"},{"@type":"Organization","@id":"https:\/\/www.studioalfa.info\/de\/#organization","name":"STUDIO ALFA BOLZANO SRL","url":"https:\/\/www.studioalfa.info\/de\/","logo":{"@type":"ImageObject","inLanguage":"de","@id":"https:\/\/www.studioalfa.info\/de\/#\/schema\/logo\/image\/","url":"https:\/\/www.studioalfa.info\/wp-content\/uploads\/2023\/11\/logo_studio_alfa-1-removebg-preview-1.png","contentUrl":"https:\/\/www.studioalfa.info\/wp-content\/uploads\/2023\/11\/logo_studio_alfa-1-removebg-preview-1.png","width":500,"height":500,"caption":"STUDIO ALFA BOLZANO SRL"},"image":{"@id":"https:\/\/www.studioalfa.info\/de\/#\/schema\/logo\/image\/"},"sameAs":["https:\/\/www.facebook.com\/people\/Studio-Alfa-Bolzano-Srl\/100063686647634\/"]},{"@type":"Person","@id":"https:\/\/www.studioalfa.info\/de\/#\/schema\/person\/6dc64db6a726ef41aa750f6efa547610","name":"wp-backend","url":"https:\/\/www.studioalfa.info\/de\/author\/wp-backend\/"}]}},"_links":{"self":[{"href":"https:\/\/www.studioalfa.info\/de\/wp-json\/wp\/v2\/posts\/1033","targetHints":{"allow":["GET"]}}],"collection":[{"href":"https:\/\/www.studioalfa.info\/de\/wp-json\/wp\/v2\/posts"}],"about":[{"href":"https:\/\/www.studioalfa.info\/de\/wp-json\/wp\/v2\/types\/post"}],"author":[{"embeddable":true,"href":"https:\/\/www.studioalfa.info\/de\/wp-json\/wp\/v2\/users\/1"}],"replies":[{"embeddable":true,"href":"https:\/\/www.studioalfa.info\/de\/wp-json\/wp\/v2\/comments?post=1033"}],"version-history":[{"count":4,"href":"https:\/\/www.studioalfa.info\/de\/wp-json\/wp\/v2\/posts\/1033\/revisions"}],"predecessor-version":[{"id":1220,"href":"https:\/\/www.studioalfa.info\/de\/wp-json\/wp\/v2\/posts\/1033\/revisions\/1220"}],"wp:featuredmedia":[{"embeddable":true,"href":"https:\/\/www.studioalfa.info\/de\/wp-json\/wp\/v2\/media\/1034"}],"wp:attachment":[{"href":"https:\/\/www.studioalfa.info\/de\/wp-json\/wp\/v2\/media?parent=1033"}],"wp:term":[{"taxonomy":"category","embeddable":true,"href":"https:\/\/www.studioalfa.info\/de\/wp-json\/wp\/v2\/categories?post=1033"},{"taxonomy":"post_tag","embeddable":true,"href":"https:\/\/www.studioalfa.info\/de\/wp-json\/wp\/v2\/tags?post=1033"}],"curies":[{"name":"wp","href":"https:\/\/api.w.org\/{rel}","templated":true}]}}