{"id":1023,"date":"2023-12-14T15:14:51","date_gmt":"2023-12-14T14:14:51","guid":{"rendered":"https:\/\/www.studioalfa.info\/carlo-perseghin\/"},"modified":"2024-07-08T17:05:42","modified_gmt":"2024-07-08T15:05:42","slug":"carlo-perseghin","status":"publish","type":"post","link":"https:\/\/www.studioalfa.info\/de\/carlo-perseghin\/","title":{"rendered":"Carlo Perseghin"},"content":{"rendered":"<p>Gr\u00fcnder von Studio Alfa im Jahre 1981 und zur Zeit\u00a0 Provinzpr\u00e4sident der FIAIP (Federazione Italiana Agenti Immobiliari Professionali &#8211; Italienischer Verband professioneller Immobilienmakler), Mitglied des nationalen Vorstands, sowie Sachverst\u00e4ndiger und Gutachter f\u00fcr die Handelskammer der Provinz Bozen und Berater der Richter f\u00fcr Immobilienbewertung am Gericht Bozen<\/p>\n<p>Carlo verf\u00fcgt \u00fcber eine F\u00fclle von Wissen und Erfahrung, aber es ist seine Liebe und Leidenschaft f\u00fcr seine Arbeit, die ihn zu einem wirklich zuverl\u00e4ssigen und kompetenten Immobilienmakler macht.<\/p>\n<p>Er liebt guten Wein und Kochen, hat eine gro\u00dfe Leidenschaft f\u00fcr\u00a0 B\u00fccher und Wanderungen in den Bergen.<\/p>\n<p>Carlo ist ein geselliger Mensch, der gerne unter Menschen ist und in seiner eleganten und raffinierten Kleidung immer tadellos ist!<\/p>\n<p>Geometer &#8211; eingetragen im Berufsregister der Immobilienmakler der Handelskammer Bozen unter der Nr. 74;<\/p>\n<ul>\n<li>Gr\u00fcnder und Gesch\u00e4ftsf\u00fchrer von Studio Alfa Bolzano S.r.l.<\/li>\n<li>Sachverst\u00e4ndiger, technischer Berater des Gerichts Bozen.<\/li>\n<li>Sachverst\u00e4ndiger und Experte der Handelskammer der Provinz Bozen.<\/li>\n<li>Mitglied des parit\u00e4tischen Beirats der Beobachtungsstelle f\u00fcr den Immobilienmarkt.<\/li>\n<li>Vizepr\u00e4sident der Kammerkommission f\u00fcr die Rolle der Vermittler der Handelskammer Bozen.<\/li>\n<li>Verantwortlich f\u00fcr die Studie \u00fcber den Erwerb\/Ver\u00e4u\u00dferung von Immobilien in Norditalien.<\/li>\n<li>Vorsitzender der FIAIP-Delegation der Provinz Bozen<\/li>\n<li>Mitglied der FIAIP<\/li>\n<li>carlo@studioalfa.info<\/li>\n<\/ul>\n","protected":false},"excerpt":{"rendered":"<p>Gr\u00fcnder von Studio Alfa im Jahre 1981 und zur Zeit\u00a0 Provinzpr\u00e4sident der FIAIP (Federazione Italiana Agenti Immobiliari Professionali &#8211; Italienischer Verband professioneller Immobilienmakler), Mitglied des nationalen Vorstands, sowie Sachverst\u00e4ndiger und Gutachter f\u00fcr die Handelskammer der Provinz Bozen und Berater der Richter f\u00fcr Immobilienbewertung am Gericht Bozen Carlo verf\u00fcgt \u00fcber eine F\u00fclle von Wissen und Erfahrung,&#8230;<a href=\"https:\/\/www.studioalfa.info\/de\/carlo-perseghin\/\" class=\"epl-more-link\">Erfahren Sie mehr&rarr;<\/a><\/p>\n","protected":false},"author":1,"featured_media":1024,"comment_status":"closed","ping_status":"closed","sticky":false,"template":"","format":"standard","meta":{"_et_pb_use_builder":"","_et_pb_old_content":"","_et_gb_content_width":"","_joinchat":[],"footnotes":""},"categories":[1,41],"tags":[],"class_list":["post-1023","post","type-post","status-publish","format-standard","has-post-thumbnail","hentry","category-non-categorizzato","category-staff"],"yoast_head":"<!-- This site is optimized with the Yoast SEO plugin v24.5 - https:\/\/yoast.com\/wordpress\/plugins\/seo\/ -->\n<title>Carlo Perseghin - Studio Alfa<\/title>\n<meta name=\"robots\" content=\"index, follow, max-snippet:-1, max-image-preview:large, max-video-preview:-1\" \/>\n<link rel=\"canonical\" href=\"https:\/\/www.studioalfa.info\/de\/carlo-perseghin\/\" \/>\n<meta property=\"og:locale\" content=\"de_DE\" \/>\n<meta property=\"og:type\" content=\"article\" \/>\n<meta property=\"og:title\" content=\"Carlo Perseghin - Studio Alfa\" \/>\n<meta property=\"og:description\" content=\"Gr\u00fcnder von Studio Alfa im Jahre 1981 und zur Zeit\u00a0 Provinzpr\u00e4sident der FIAIP (Federazione Italiana Agenti Immobiliari Professionali &#8211; Italienischer Verband professioneller Immobilienmakler), Mitglied des nationalen Vorstands, sowie Sachverst\u00e4ndiger und Gutachter f\u00fcr die Handelskammer der Provinz Bozen und Berater der Richter f\u00fcr Immobilienbewertung am Gericht Bozen Carlo verf\u00fcgt \u00fcber eine F\u00fclle von Wissen und Erfahrung,...Erfahren Sie mehr&rarr;\" \/>\n<meta property=\"og:url\" content=\"https:\/\/www.studioalfa.info\/de\/carlo-perseghin\/\" \/>\n<meta property=\"og:site_name\" content=\"Studio Alfa\" \/>\n<meta property=\"article:publisher\" content=\"https:\/\/www.facebook.com\/people\/Studio-Alfa-Bolzano-Srl\/100063686647634\/\" \/>\n<meta property=\"article:published_time\" content=\"2023-12-14T14:14:51+00:00\" \/>\n<meta property=\"article:modified_time\" content=\"2024-07-08T15:05:42+00:00\" \/>\n<meta property=\"og:image\" content=\"https:\/\/www.studioalfa.info\/wp-content\/uploads\/2024\/02\/DSC7714-1.jpg\" \/>\n\t<meta property=\"og:image:width\" content=\"500\" \/>\n\t<meta property=\"og:image:height\" content=\"500\" \/>\n\t<meta property=\"og:image:type\" content=\"image\/jpeg\" \/>\n<meta name=\"author\" content=\"wp-backend\" \/>\n<meta name=\"twitter:card\" content=\"summary_large_image\" \/>\n<meta name=\"twitter:label1\" content=\"Verfasst von\" \/>\n\t<meta name=\"twitter:data1\" content=\"wp-backend\" \/>\n\t<meta name=\"twitter:label2\" content=\"Gesch\u00e4tzte Lesezeit\" \/>\n\t<meta name=\"twitter:data2\" content=\"1\u00a0Minute\" \/>\n<script type=\"application\/ld+json\" class=\"yoast-schema-graph\">{\"@context\":\"https:\/\/schema.org\",\"@graph\":[{\"@type\":\"Article\",\"@id\":\"https:\/\/www.studioalfa.info\/de\/carlo-perseghin\/#article\",\"isPartOf\":{\"@id\":\"https:\/\/www.studioalfa.info\/de\/carlo-perseghin\/\"},\"author\":{\"name\":\"wp-backend\",\"@id\":\"https:\/\/www.studioalfa.info\/de\/#\/schema\/person\/6dc64db6a726ef41aa750f6efa547610\"},\"headline\":\"Carlo Perseghin\",\"datePublished\":\"2023-12-14T14:14:51+00:00\",\"dateModified\":\"2024-07-08T15:05:42+00:00\",\"mainEntityOfPage\":{\"@id\":\"https:\/\/www.studioalfa.info\/de\/carlo-perseghin\/\"},\"wordCount\":218,\"publisher\":{\"@id\":\"https:\/\/www.studioalfa.info\/de\/#organization\"},\"image\":{\"@id\":\"https:\/\/www.studioalfa.info\/de\/carlo-perseghin\/#primaryimage\"},\"thumbnailUrl\":\"https:\/\/www.studioalfa.info\/wp-content\/uploads\/2024\/02\/DSC7714-1.jpg\",\"articleSection\":[\"Non categorizzato\",\"Staff\"],\"inLanguage\":\"de\"},{\"@type\":\"WebPage\",\"@id\":\"https:\/\/www.studioalfa.info\/de\/carlo-perseghin\/\",\"url\":\"https:\/\/www.studioalfa.info\/de\/carlo-perseghin\/\",\"name\":\"Carlo Perseghin - Studio Alfa\",\"isPartOf\":{\"@id\":\"https:\/\/www.studioalfa.info\/de\/#website\"},\"primaryImageOfPage\":{\"@id\":\"https:\/\/www.studioalfa.info\/de\/carlo-perseghin\/#primaryimage\"},\"image\":{\"@id\":\"https:\/\/www.studioalfa.info\/de\/carlo-perseghin\/#primaryimage\"},\"thumbnailUrl\":\"https:\/\/www.studioalfa.info\/wp-content\/uploads\/2024\/02\/DSC7714-1.jpg\",\"datePublished\":\"2023-12-14T14:14:51+00:00\",\"dateModified\":\"2024-07-08T15:05:42+00:00\",\"breadcrumb\":{\"@id\":\"https:\/\/www.studioalfa.info\/de\/carlo-perseghin\/#breadcrumb\"},\"inLanguage\":\"de\",\"potentialAction\":[{\"@type\":\"ReadAction\",\"target\":[\"https:\/\/www.studioalfa.info\/de\/carlo-perseghin\/\"]}]},{\"@type\":\"ImageObject\",\"inLanguage\":\"de\",\"@id\":\"https:\/\/www.studioalfa.info\/de\/carlo-perseghin\/#primaryimage\",\"url\":\"https:\/\/www.studioalfa.info\/wp-content\/uploads\/2024\/02\/DSC7714-1.jpg\",\"contentUrl\":\"https:\/\/www.studioalfa.info\/wp-content\/uploads\/2024\/02\/DSC7714-1.jpg\",\"width\":500,\"height\":500},{\"@type\":\"BreadcrumbList\",\"@id\":\"https:\/\/www.studioalfa.info\/de\/carlo-perseghin\/#breadcrumb\",\"itemListElement\":[{\"@type\":\"ListItem\",\"position\":1,\"name\":\"Home\",\"item\":\"https:\/\/www.studioalfa.info\/de\/\"},{\"@type\":\"ListItem\",\"position\":2,\"name\":\"Carlo Perseghin\"}]},{\"@type\":\"WebSite\",\"@id\":\"https:\/\/www.studioalfa.info\/de\/#website\",\"url\":\"https:\/\/www.studioalfa.info\/de\/\",\"name\":\"STUDIO ALFA BOLZANO SRL\",\"description\":\"Agenzia immobiliare Bolzano\",\"publisher\":{\"@id\":\"https:\/\/www.studioalfa.info\/de\/#organization\"},\"potentialAction\":[{\"@type\":\"SearchAction\",\"target\":{\"@type\":\"EntryPoint\",\"urlTemplate\":\"https:\/\/www.studioalfa.info\/de\/?s={search_term_string}\"},\"query-input\":{\"@type\":\"PropertyValueSpecification\",\"valueRequired\":true,\"valueName\":\"search_term_string\"}}],\"inLanguage\":\"de\"},{\"@type\":\"Organization\",\"@id\":\"https:\/\/www.studioalfa.info\/de\/#organization\",\"name\":\"STUDIO ALFA BOLZANO SRL\",\"url\":\"https:\/\/www.studioalfa.info\/de\/\",\"logo\":{\"@type\":\"ImageObject\",\"inLanguage\":\"de\",\"@id\":\"https:\/\/www.studioalfa.info\/de\/#\/schema\/logo\/image\/\",\"url\":\"https:\/\/www.studioalfa.info\/wp-content\/uploads\/2023\/11\/logo_studio_alfa-1-removebg-preview-1.png\",\"contentUrl\":\"https:\/\/www.studioalfa.info\/wp-content\/uploads\/2023\/11\/logo_studio_alfa-1-removebg-preview-1.png\",\"width\":500,\"height\":500,\"caption\":\"STUDIO ALFA BOLZANO SRL\"},\"image\":{\"@id\":\"https:\/\/www.studioalfa.info\/de\/#\/schema\/logo\/image\/\"},\"sameAs\":[\"https:\/\/www.facebook.com\/people\/Studio-Alfa-Bolzano-Srl\/100063686647634\/\"]},{\"@type\":\"Person\",\"@id\":\"https:\/\/www.studioalfa.info\/de\/#\/schema\/person\/6dc64db6a726ef41aa750f6efa547610\",\"name\":\"wp-backend\",\"url\":\"https:\/\/www.studioalfa.info\/de\/author\/wp-backend\/\"}]}<\/script>\n<!-- \/ Yoast SEO plugin. -->","yoast_head_json":{"title":"Carlo Perseghin - Studio Alfa","robots":{"index":"index","follow":"follow","max-snippet":"max-snippet:-1","max-image-preview":"max-image-preview:large","max-video-preview":"max-video-preview:-1"},"canonical":"https:\/\/www.studioalfa.info\/de\/carlo-perseghin\/","og_locale":"de_DE","og_type":"article","og_title":"Carlo Perseghin - Studio Alfa","og_description":"Gr\u00fcnder von Studio Alfa im Jahre 1981 und zur Zeit\u00a0 Provinzpr\u00e4sident der FIAIP (Federazione Italiana Agenti Immobiliari Professionali &#8211; Italienischer Verband professioneller Immobilienmakler), Mitglied des nationalen Vorstands, sowie Sachverst\u00e4ndiger und Gutachter f\u00fcr die Handelskammer der Provinz Bozen und Berater der Richter f\u00fcr Immobilienbewertung am Gericht Bozen Carlo verf\u00fcgt \u00fcber eine F\u00fclle von Wissen und Erfahrung,...Erfahren Sie mehr&rarr;","og_url":"https:\/\/www.studioalfa.info\/de\/carlo-perseghin\/","og_site_name":"Studio Alfa","article_publisher":"https:\/\/www.facebook.com\/people\/Studio-Alfa-Bolzano-Srl\/100063686647634\/","article_published_time":"2023-12-14T14:14:51+00:00","article_modified_time":"2024-07-08T15:05:42+00:00","og_image":[{"width":500,"height":500,"url":"https:\/\/www.studioalfa.info\/wp-content\/uploads\/2024\/02\/DSC7714-1.jpg","type":"image\/jpeg"}],"author":"wp-backend","twitter_card":"summary_large_image","twitter_misc":{"Verfasst von":"wp-backend","Gesch\u00e4tzte Lesezeit":"1\u00a0Minute"},"schema":{"@context":"https:\/\/schema.org","@graph":[{"@type":"Article","@id":"https:\/\/www.studioalfa.info\/de\/carlo-perseghin\/#article","isPartOf":{"@id":"https:\/\/www.studioalfa.info\/de\/carlo-perseghin\/"},"author":{"name":"wp-backend","@id":"https:\/\/www.studioalfa.info\/de\/#\/schema\/person\/6dc64db6a726ef41aa750f6efa547610"},"headline":"Carlo Perseghin","datePublished":"2023-12-14T14:14:51+00:00","dateModified":"2024-07-08T15:05:42+00:00","mainEntityOfPage":{"@id":"https:\/\/www.studioalfa.info\/de\/carlo-perseghin\/"},"wordCount":218,"publisher":{"@id":"https:\/\/www.studioalfa.info\/de\/#organization"},"image":{"@id":"https:\/\/www.studioalfa.info\/de\/carlo-perseghin\/#primaryimage"},"thumbnailUrl":"https:\/\/www.studioalfa.info\/wp-content\/uploads\/2024\/02\/DSC7714-1.jpg","articleSection":["Non categorizzato","Staff"],"inLanguage":"de"},{"@type":"WebPage","@id":"https:\/\/www.studioalfa.info\/de\/carlo-perseghin\/","url":"https:\/\/www.studioalfa.info\/de\/carlo-perseghin\/","name":"Carlo Perseghin - Studio Alfa","isPartOf":{"@id":"https:\/\/www.studioalfa.info\/de\/#website"},"primaryImageOfPage":{"@id":"https:\/\/www.studioalfa.info\/de\/carlo-perseghin\/#primaryimage"},"image":{"@id":"https:\/\/www.studioalfa.info\/de\/carlo-perseghin\/#primaryimage"},"thumbnailUrl":"https:\/\/www.studioalfa.info\/wp-content\/uploads\/2024\/02\/DSC7714-1.jpg","datePublished":"2023-12-14T14:14:51+00:00","dateModified":"2024-07-08T15:05:42+00:00","breadcrumb":{"@id":"https:\/\/www.studioalfa.info\/de\/carlo-perseghin\/#breadcrumb"},"inLanguage":"de","potentialAction":[{"@type":"ReadAction","target":["https:\/\/www.studioalfa.info\/de\/carlo-perseghin\/"]}]},{"@type":"ImageObject","inLanguage":"de","@id":"https:\/\/www.studioalfa.info\/de\/carlo-perseghin\/#primaryimage","url":"https:\/\/www.studioalfa.info\/wp-content\/uploads\/2024\/02\/DSC7714-1.jpg","contentUrl":"https:\/\/www.studioalfa.info\/wp-content\/uploads\/2024\/02\/DSC7714-1.jpg","width":500,"height":500},{"@type":"BreadcrumbList","@id":"https:\/\/www.studioalfa.info\/de\/carlo-perseghin\/#breadcrumb","itemListElement":[{"@type":"ListItem","position":1,"name":"Home","item":"https:\/\/www.studioalfa.info\/de\/"},{"@type":"ListItem","position":2,"name":"Carlo Perseghin"}]},{"@type":"WebSite","@id":"https:\/\/www.studioalfa.info\/de\/#website","url":"https:\/\/www.studioalfa.info\/de\/","name":"STUDIO ALFA BOLZANO SRL","description":"Agenzia immobiliare Bolzano","publisher":{"@id":"https:\/\/www.studioalfa.info\/de\/#organization"},"potentialAction":[{"@type":"SearchAction","target":{"@type":"EntryPoint","urlTemplate":"https:\/\/www.studioalfa.info\/de\/?s={search_term_string}"},"query-input":{"@type":"PropertyValueSpecification","valueRequired":true,"valueName":"search_term_string"}}],"inLanguage":"de"},{"@type":"Organization","@id":"https:\/\/www.studioalfa.info\/de\/#organization","name":"STUDIO ALFA BOLZANO SRL","url":"https:\/\/www.studioalfa.info\/de\/","logo":{"@type":"ImageObject","inLanguage":"de","@id":"https:\/\/www.studioalfa.info\/de\/#\/schema\/logo\/image\/","url":"https:\/\/www.studioalfa.info\/wp-content\/uploads\/2023\/11\/logo_studio_alfa-1-removebg-preview-1.png","contentUrl":"https:\/\/www.studioalfa.info\/wp-content\/uploads\/2023\/11\/logo_studio_alfa-1-removebg-preview-1.png","width":500,"height":500,"caption":"STUDIO ALFA BOLZANO SRL"},"image":{"@id":"https:\/\/www.studioalfa.info\/de\/#\/schema\/logo\/image\/"},"sameAs":["https:\/\/www.facebook.com\/people\/Studio-Alfa-Bolzano-Srl\/100063686647634\/"]},{"@type":"Person","@id":"https:\/\/www.studioalfa.info\/de\/#\/schema\/person\/6dc64db6a726ef41aa750f6efa547610","name":"wp-backend","url":"https:\/\/www.studioalfa.info\/de\/author\/wp-backend\/"}]}},"_links":{"self":[{"href":"https:\/\/www.studioalfa.info\/de\/wp-json\/wp\/v2\/posts\/1023","targetHints":{"allow":["GET"]}}],"collection":[{"href":"https:\/\/www.studioalfa.info\/de\/wp-json\/wp\/v2\/posts"}],"about":[{"href":"https:\/\/www.studioalfa.info\/de\/wp-json\/wp\/v2\/types\/post"}],"author":[{"embeddable":true,"href":"https:\/\/www.studioalfa.info\/de\/wp-json\/wp\/v2\/users\/1"}],"replies":[{"embeddable":true,"href":"https:\/\/www.studioalfa.info\/de\/wp-json\/wp\/v2\/comments?post=1023"}],"version-history":[{"count":2,"href":"https:\/\/www.studioalfa.info\/de\/wp-json\/wp\/v2\/posts\/1023\/revisions"}],"predecessor-version":[{"id":1174,"href":"https:\/\/www.studioalfa.info\/de\/wp-json\/wp\/v2\/posts\/1023\/revisions\/1174"}],"wp:featuredmedia":[{"embeddable":true,"href":"https:\/\/www.studioalfa.info\/de\/wp-json\/wp\/v2\/media\/1024"}],"wp:attachment":[{"href":"https:\/\/www.studioalfa.info\/de\/wp-json\/wp\/v2\/media?parent=1023"}],"wp:term":[{"taxonomy":"category","embeddable":true,"href":"https:\/\/www.studioalfa.info\/de\/wp-json\/wp\/v2\/categories?post=1023"},{"taxonomy":"post_tag","embeddable":true,"href":"https:\/\/www.studioalfa.info\/de\/wp-json\/wp\/v2\/tags?post=1023"}],"curies":[{"name":"wp","href":"https:\/\/api.w.org\/{rel}","templated":true}]}}